{"id":2288,"date":"2019-09-26T14:58:17","date_gmt":"2019-09-26T07:58:17","guid":{"rendered":"https:\/\/www.nambinhad.com\/avshow\/?p=2288"},"modified":"2025-05-16T14:58:46","modified_gmt":"2025-05-16T07:58:46","slug":"sonus-faber-electa-amator-iii-hanh-trinh-tro-lai-coi-nguon","status":"publish","type":"post","link":"https:\/\/www.nambinhad.com\/avshow\/tin-tuc\/sonus-faber-electa-amator-iii-hanh-trinh-tro-lai-coi-nguon\/","title":{"rendered":"Sonus Faber Electa Amator III \u2013 H\u00e0nh tr\u00ecnh tr\u1ee1 l\u1ea1i c\u1ed9i ngu\u1ed3n"},"content":{"rendered":"<div>\n<div>N\u0103m 2018 l\u00e0 m\u1ed9t n\u0103m r\u1ea5t \u0111\u1eb7c bi\u1ec7t \u0111\u00e1nh d\u1ea5u k\u1ef7 ni\u1ec7m 35 n\u0103m h\u00ecnh th\u00e0nh c\u1ee7a Sonus Faber. Ch\u1eb7ng \u0111\u01b0\u1eddng h\u01a1n ba th\u1eadp k\u1ef7 l\u00e0 m\u1ed9t ch\u1eb7ng \u0111\u01b0\u1eddng kh\u00e1 d\u00e0i, v\u1edbi nhi\u1ec1u th\u00e0nh c\u00f4ng c\u0169ng nh\u01b0 th\u1eed th\u00e1ch, ni\u1ec1m vui v\u00e0 n\u1ed7i bu\u1ed3n \u0111\u1ed1i v\u1edbi \u0111\u1ea1i gia \u0111\u00ecnh Sonus Faber.<\/div>\n<\/div>\n<div><img loading=\"lazy\" decoding=\"async\" class=\"alignnone size-full wp-image-2289\" src=\"https:\/\/www.nambinhad.com\/avshow\/wp-content\/uploads\/2025\/05\/Sonus-Faber-Electa-Amator-Iii-\u2013-Hanh-Trinh-Tro-Lai-Coi-Nguon.jpg\" width=\"660\" height=\"351\" alt=\"Sonus Faber Electa Amator III \u2013 H\u00e0nh tr\u00ecnh tr\u1ee1 l\u1ea1i c\u1ed9i ngu\u1ed3n\" srcset=\"https:\/\/www.nambinhad.com\/avshow\/wp-content\/uploads\/2025\/05\/Sonus-Faber-Electa-Amator-Iii-\u2013-Hanh-Trinh-Tro-Lai-Coi-Nguon.jpg 660w, https:\/\/www.nambinhad.com\/avshow\/wp-content\/uploads\/2025\/05\/Sonus-Faber-Electa-Amator-Iii-\u2013-Hanh-Trinh-Tro-Lai-Coi-Nguon-600x319.jpg 600w, https:\/\/www.nambinhad.com\/avshow\/wp-content\/uploads\/2025\/05\/Sonus-Faber-Electa-Amator-Iii-\u2013-Hanh-Trinh-Tro-Lai-Coi-Nguon-300x160.jpg 300w\" sizes=\"auto, (max-width: 660px) 100vw, 660px\" \/><\/div>\n<div id=\"detail\"><span>\u00a0Nh\u1eb1m h\u1ed3i t\u01b0\u1edfng v\u1ec1 qu\u00e1 kh\u1ee9, v\u1eefng b\u01b0\u1edbc ti\u1ebfn \u0111\u1ebfn t\u01b0\u01a1ng lai, Sonus Faber t\u1ef1 h\u00e0o ra m\u1eaft m\u1eabu loa phi\u00ean b\u1ea3n \u0111\u1eb7c bi\u1ec7t ho\u00e0n to\u00e0n m\u1edbi mang t\u00ean: Electa Amator lll<\/p>\n<p><\/span><\/p>\n<div><a href=\"https:\/\/www.hifivietnam.vn\/wp-content\/uploads\/2019\/09\/01.jpg\"><span><img decoding=\"async\" data-attachment-id=\"43566\" data-permalink=\"https:\/\/www.hifivietnam.vn\/tieu-diem\/avshow-2019-sonus-faber-electa-amator-iii-hanh-trinh-tro-lai-coi-nguon\/attachment\/01-5\/\" data-orig-file=\"https:\/\/www.hifivietnam.vn\/wp-content\/uploads\/2019\/09\/01.jpg\" data-orig-size=\"3840,2040\" data-comments-opened=\"1\" data-image-meta=\"{&quot;aperture&quot;:&quot;0&quot;,&quot;credit&quot;:&quot;&quot;,&quot;camera&quot;:&quot;&quot;,&quot;caption&quot;:&quot;&quot;,&quot;created_timestamp&quot;:&quot;0&quot;,&quot;copyright&quot;:&quot;&quot;,&quot;focal_length&quot;:&quot;0&quot;,&quot;iso&quot;:&quot;0&quot;,&quot;shutter_speed&quot;:&quot;0&quot;,&quot;title&quot;:&quot;&quot;,&quot;orientation&quot;:&quot;0&quot;}\" data-image-title=\"01\" data-image-description=\"\" data-medium-file=\"https:\/\/www.hifivietnam.vn\/wp-content\/uploads\/2019\/09\/01-600x319.jpg\" data-large-file=\"https:\/\/www.hifivietnam.vn\/wp-content\/uploads\/2019\/09\/01-1024x544.jpg\" size-full=\"\" src=\"https:\/\/www.hifivietnam.vn\/wp-content\/uploads\/2019\/09\/01.jpg\" alt=\"\" width=\"3840\" srcset=\"https:\/\/www.hifivietnam.vn\/wp-content\/uploads\/2019\/09\/01.jpg 3840w, https:\/\/www.hifivietnam.vn\/wp-content\/uploads\/2019\/09\/01-600x319.jpg 600w, https:\/\/www.hifivietnam.vn\/wp-content\/uploads\/2019\/09\/01-768x408.jpg 768w, https:\/\/www.hifivietnam.vn\/wp-content\/uploads\/2019\/09\/01-1024x544.jpg 1024w, https:\/\/www.hifivietnam.vn\/wp-content\/uploads\/2019\/09\/01-791x420.jpg 791w, https:\/\/www.hifivietnam.vn\/wp-content\/uploads\/2019\/09\/01-300x160.jpg 300w, https:\/\/www.hifivietnam.vn\/wp-content\/uploads\/2019\/09\/01-640x340.jpg 640w, https:\/\/www.hifivietnam.vn\/wp-content\/uploads\/2019\/09\/01-681x362.jpg 681w\" sizes=\"(max-width: 3840px) 100vw, 3840px\" \/><\/span><\/a><\/div>\n<div><span>Electa Amator lll l\u00e0 m\u1eabu loa bookshelf 2 \u0111\u01b0\u1eddng ti\u1ebfng \u0111\u01b0\u1ee3c l\u1ea5y c\u1ea3m h\u1ee9ng t\u1eeb m\u1ed9t trong nh\u1eefng s\u1ea3n ph\u1ea9m kinh \u0111i\u1ec3n nh\u1ea5t c\u1ee7a Sonus Faber \u2013 m\u1eabu loa Electa Amator nguy\u00ean b\u1ea3n, tr\u00ecnh l\u00e0ng v\u00e0o n\u0103m 1987. L\u00e0 k\u1ebft qu\u1ea3 c\u1ee7a s\u1ef1 h\u1ee3p t\u00e1c gi\u1eefa Paolo Tezzon (h\u1eadu du\u1ec7 c\u1ee7a nh\u00e0 s\u00e1ng l\u1eadp Franco Serblin) v\u00e0 nh\u00e0 thi\u1ebft k\u1ebf \u0111\u00ecnh \u0111\u00e1m Livio Cucuzza, Electa Amator lll mang trong m\u00ecnh \u201cd\u00f2ng m\u00e1u\u201d kinh \u0111i\u1ec3n, song ho\u00e0n to\u00e0n t\u00edch h\u1ee3p nh\u1eefng c\u00f4ng ngh\u1ec7 tinh hoa nh\u1ea5t c\u1ee7a Sonus Faber hi\u1ec7n \u0111\u1ea1i.<\/span><\/div>\n<div><a href=\"https:\/\/www.hifivietnam.vn\/wp-content\/uploads\/2019\/09\/Sonus-Faber-Minima-Amator-II-0.jpg\"><span><img decoding=\"async\" data-attachment-id=\"43569\" data-permalink=\"https:\/\/www.hifivietnam.vn\/tieu-diem\/avshow-2019-sonus-faber-electa-amator-iii-hanh-trinh-tro-lai-coi-nguon\/attachment\/sonus-faber-minima-amator-ii-0\/\" data-orig-file=\"https:\/\/www.hifivietnam.vn\/wp-content\/uploads\/2019\/09\/Sonus-Faber-Minima-Amator-II-0.jpg\" data-orig-size=\"1500,844\" data-comments-opened=\"1\" data-image-meta=\"{&quot;aperture&quot;:&quot;0&quot;,&quot;credit&quot;:&quot;&quot;,&quot;camera&quot;:&quot;&quot;,&quot;caption&quot;:&quot;&quot;,&quot;created_timestamp&quot;:&quot;0&quot;,&quot;copyright&quot;:&quot;&quot;,&quot;focal_length&quot;:&quot;0&quot;,&quot;iso&quot;:&quot;0&quot;,&quot;shutter_speed&quot;:&quot;0&quot;,&quot;title&quot;:&quot;&quot;,&quot;orientation&quot;:&quot;0&quot;}\" data-image-title=\"Sonus Faber Minima Amator II 0\" data-image-description=\"\" data-medium-file=\"https:\/\/www.hifivietnam.vn\/wp-content\/uploads\/2019\/09\/Sonus-Faber-Minima-Amator-II-0-600x338.jpg\" data-large-file=\"https:\/\/www.hifivietnam.vn\/wp-content\/uploads\/2019\/09\/Sonus-Faber-Minima-Amator-II-0-1024x576.jpg\" size-full=\"\" src=\"https:\/\/www.hifivietnam.vn\/wp-content\/uploads\/2019\/09\/Sonus-Faber-Minima-Amator-II-0.jpg\" alt=\"\" width=\"1500\" srcset=\"https:\/\/www.hifivietnam.vn\/wp-content\/uploads\/2019\/09\/Sonus-Faber-Minima-Amator-II-0.jpg 1500w, https:\/\/www.hifivietnam.vn\/wp-content\/uploads\/2019\/09\/Sonus-Faber-Minima-Amator-II-0-600x338.jpg 600w, https:\/\/www.hifivietnam.vn\/wp-content\/uploads\/2019\/09\/Sonus-Faber-Minima-Amator-II-0-768x432.jpg 768w, https:\/\/www.hifivietnam.vn\/wp-content\/uploads\/2019\/09\/Sonus-Faber-Minima-Amator-II-0-1024x576.jpg 1024w, https:\/\/www.hifivietnam.vn\/wp-content\/uploads\/2019\/09\/Sonus-Faber-Minima-Amator-II-0-746x420.jpg 746w, https:\/\/www.hifivietnam.vn\/wp-content\/uploads\/2019\/09\/Sonus-Faber-Minima-Amator-II-0-640x360.jpg 640w, https:\/\/www.hifivietnam.vn\/wp-content\/uploads\/2019\/09\/Sonus-Faber-Minima-Amator-II-0-681x383.jpg 681w\" sizes=\"(max-width: 1500px) 100vw, 1500px\" \/><\/span><\/a><\/div>\n<div><span>Electa Amator lll l\u00e0 b\u01b0\u1edbc ti\u1ebfn cu\u1ed1i c\u00f9ng kh\u1edfi x\u01b0\u1edbng \u201ctruy\u1ec1n th\u1ed1ng \u0111\u01b0\u01a1ng \u0111\u1ea1i\u201d c\u1ee7a Sonus Faber \u2013 v\u1edbi m\u1ed9t lo\u1ea1t c\u00e1c d\u1ef1 \u00e1n nh\u01b0 Homage Tradition (2017), \u201cNew\u201d Aida (2017) v\u00e0 Sonetto Collection (2018) \u2013 n\u1ec1n m\u00f3ng \u0111\u01b0a Sonus Faber v\u00e0o t\u01b0\u01a1ng lai \u0111\u1ea7y ngo\u1ea1n m\u1ee5c.<\/span><\/div>\n<div><a href=\"https:\/\/www.hifivietnam.vn\/wp-content\/uploads\/2019\/09\/ELECTA_AMATOR_III_13.jpg\"><span><img decoding=\"async\" data-attachment-id=\"43567\" data-permalink=\"https:\/\/www.hifivietnam.vn\/tieu-diem\/avshow-2019-sonus-faber-electa-amator-iii-hanh-trinh-tro-lai-coi-nguon\/attachment\/electa_amator_iii_13\/\" data-orig-file=\"https:\/\/www.hifivietnam.vn\/wp-content\/uploads\/2019\/09\/ELECTA_AMATOR_III_13.jpg\" data-orig-size=\"544,544\" data-comments-opened=\"1\" data-image-meta=\"{&quot;aperture&quot;:&quot;0&quot;,&quot;credit&quot;:&quot;&quot;,&quot;camera&quot;:&quot;&quot;,&quot;caption&quot;:&quot;&quot;,&quot;created_timestamp&quot;:&quot;0&quot;,&quot;copyright&quot;:&quot;&quot;,&quot;focal_length&quot;:&quot;0&quot;,&quot;iso&quot;:&quot;0&quot;,&quot;shutter_speed&quot;:&quot;0&quot;,&quot;title&quot;:&quot;&quot;,&quot;orientation&quot;:&quot;0&quot;}\" data-image-title=\"ELECTA_AMATOR_III_(13)\" data-image-description=\"\" data-medium-file=\"https:\/\/www.hifivietnam.vn\/wp-content\/uploads\/2019\/09\/ELECTA_AMATOR_III_13.jpg\" data-large-file=\"https:\/\/www.hifivietnam.vn\/wp-content\/uploads\/2019\/09\/ELECTA_AMATOR_III_13.jpg\" size-full=\"\" src=\"https:\/\/www.hifivietnam.vn\/wp-content\/uploads\/2019\/09\/ELECTA_AMATOR_III_13.jpg\" alt=\"\" width=\"544\" srcset=\"https:\/\/www.hifivietnam.vn\/wp-content\/uploads\/2019\/09\/ELECTA_AMATOR_III_13.jpg 544w, https:\/\/www.hifivietnam.vn\/wp-content\/uploads\/2019\/09\/ELECTA_AMATOR_III_13-150x150.jpg 150w, https:\/\/www.hifivietnam.vn\/wp-content\/uploads\/2019\/09\/ELECTA_AMATOR_III_13-420x420.jpg 420w\" sizes=\"(max-width: 544px) 100vw, 544px\" \/><\/span><\/a><\/div>\n<div><span><em><strong>Electa Amator lll \u0111\u01b0\u1ee3c s\u1ea3n xu\u1ea5t v\u1edbi s\u1ed1 l\u01b0\u1ee3ng gi\u1edbi h\u1ea1n 350 c\u1eb7p tr\u00ean to\u00e0n th\u1ebf gi\u1edbi.<\/strong><\/em><\/span><\/div>\n<div><span>Th\u00f9ng loa mang n\u00e9t ho\u00e0i c\u1ed5 l\u00e0m t\u1eeb g\u1ed7 walnut nguy\u00ean kh\u1ed1i \u0111\u1eb7t tr\u00ean th\u1edbt \u0111\u00e1 hoa c\u01b0\u01a1ng Carrara tr\u1eafng thanh l\u1ecbch. Nh\u1eb1m ho\u00e0n thi\u1ec7n s\u1ef1 h\u00f2a nh\u1eadp gi\u1eefa hai v\u1eadt li\u1ec7u tr\u00ean, Sonus Faber s\u1eed d\u1ee5ng \u0111\u1ed3ng thau \u1ed1p v\u00e0o c\u00e1c vi\u1ec1n k\u1ebb tr\u00ean th\u00f9ng loa. Gi\u1ed1ng nh\u01b0 c\u00e1c s\u1ea3n ph\u1ea9m ti\u1ec1n nhi\u1ec7m, Electa Amator lll \u0111\u01b0\u1ee3c kho\u00e1c l\u00ean l\u00e0n da b\u00f2 m\u1ecbn m\u00e0ng \u1edf m\u1eb7t tr\u01b0\u1edbc v\u00e0 sau loa v\u1edbi logo Sonus Faber kinh \u0111i\u1ec3n b\u1eb1ng \u0111\u1ed3ng thau \u2013 t\u00f4n vinh nh\u1eefng truy\u1ec1n th\u1ed1ng tr\u01b0\u1eddng t\u1ed3n c\u1ee7a Sonus Faber.<\/span><\/div>\n<div><a href=\"https:\/\/www.hifivietnam.vn\/wp-content\/uploads\/2019\/09\/sonus-faber-electa-amator-III.jpg\"><span><img loading=\"lazy\" decoding=\"async\" class=\"alignnone size-full wp-image-2290\" src=\"https:\/\/www.nambinhad.com\/avshow\/wp-content\/uploads\/2025\/05\/sonus-faber-electa-amator-III.jpg\" width=\"1000\" height=\"531\" alt=\"\" title=\"sonus-faber-electa-amator-III\" srcset=\"https:\/\/www.nambinhad.com\/avshow\/wp-content\/uploads\/2025\/05\/sonus-faber-electa-amator-III.jpg 1000w, https:\/\/www.nambinhad.com\/avshow\/wp-content\/uploads\/2025\/05\/sonus-faber-electa-amator-III-600x319.jpg 600w, https:\/\/www.nambinhad.com\/avshow\/wp-content\/uploads\/2025\/05\/sonus-faber-electa-amator-III-300x159.jpg 300w, https:\/\/www.nambinhad.com\/avshow\/wp-content\/uploads\/2025\/05\/sonus-faber-electa-amator-III-768x408.jpg 768w\" sizes=\"auto, (max-width: 1000px) 100vw, 1000px\" \/><\/span><\/a><\/div>\n<div><span>Electa Amator lll c\u00f3 ch\u00e2n loa chuy\u00ean d\u1ee5ng. Theo \u0111\u00f3, ph\u1ea7n ch\u00e2n \u0111\u01b0\u1ee3c c\u1ea5u t\u1ea1o t\u1eeb \u201cnh\u00f4m anode-h\u00f3a\u201d c\u1ee9ng ch\u1eafc, b\u00ean trong c\u00f3 g\u1eafn v\u1eadt li\u1ec7u ch\u1ed1ng rung, \u0111\u1ebf \u0111\u00e1 hoa c\u01b0\u01a1ng Carrara tr\u1eafng, \u0111\u1ed3ng b\u1ed9 v\u1edbi m\u1eb7t d\u01b0\u1edbi c\u1ee7a th\u00f9ng loa. Nh\u1eb1m ho\u00e0n thi\u1ec7n t\u00ednh m\u1ef9 quan, \u0111\u00f4i ch\u00e2n loa \u0111\u01b0\u1ee3c trang b\u1ecb c\u00e1c h\u1ecda ti\u1ebft \u0111\u1ed3ng thau \u0111em l\u1ea1i ch\u1ea5t ho\u00e0i c\u1ed5 v\u00e0 tr\u01b0\u1eddng t\u1ed3n<\/span><\/div>\n<div><a href=\"https:\/\/www.hifivietnam.vn\/wp-content\/uploads\/2019\/09\/lavorazioni_2.jpg\"><span><img loading=\"lazy\" decoding=\"async\" class=\"alignnone size-full wp-image-2291\" src=\"https:\/\/www.nambinhad.com\/avshow\/wp-content\/uploads\/2025\/05\/lavorazioni_2.jpg\" width=\"1070\" height=\"1010\" alt=\"\" title=\"lavorazioni_2\" srcset=\"https:\/\/www.nambinhad.com\/avshow\/wp-content\/uploads\/2025\/05\/lavorazioni_2.jpg 1070w, https:\/\/www.nambinhad.com\/avshow\/wp-content\/uploads\/2025\/05\/lavorazioni_2-600x566.jpg 600w, https:\/\/www.nambinhad.com\/avshow\/wp-content\/uploads\/2025\/05\/lavorazioni_2-300x283.jpg 300w, https:\/\/www.nambinhad.com\/avshow\/wp-content\/uploads\/2025\/05\/lavorazioni_2-1024x967.jpg 1024w, https:\/\/www.nambinhad.com\/avshow\/wp-content\/uploads\/2025\/05\/lavorazioni_2-768x725.jpg 768w\" sizes=\"auto, (max-width: 1070px) 100vw, 1070px\" \/><\/span><\/a><\/div>\n<div><span>C\u00f4ng ngh\u1ec7 \u201cvoice of Sonus Faber\u201d \u00e1p d\u1ee5ng tr\u00ean c\u00e1c s\u1ea3n ph\u1ea9m th\u1ebf h\u1ec7 m\u1edbi nh\u01b0 Homage Tradition, \u201cNew\u201d Aida v\u00e0 Sonetto c\u0169ng \u0111\u01b0\u1ee3c \u00e1p d\u1ee5ng cho Electa Amator lll \u1edf ph\u1ea7n loa tweeter v\u00e0 mid.<br \/>\n\u0110\u01b0\u1eddng k\u00ednh c\u1ee7 loa Tweeter r\u1ed9ng 28mm k\u1ebft h\u1ee3p c\u00f4ng ngh\u1ec7 DAD gi\u00fap v\u00f2m tweeter gi\u1eef \u0111\u01b0\u1ee3c h\u00ecnh d\u00e1ng nguy\u00ean th\u1ee7y khi tr\u00ecnh di\u1ec5n. Nh\u1edd v\u1eady, loa gi\u1eef \u0111\u01b0\u1ee3c cao \u00e2m chi ti\u1ebft v\u00e0 kh\u00f4ng b\u1ecb m\u00e9o ti\u1ebfng \u1edf c\u00e1c \u0111o\u1ea1n nh\u1ea1c t\u1ea7n s\u1ed1 cao<\/span><\/div>\n<div><span>C\u1ee7 mid-woofer 6.5 inch \u0111\u01b0\u1ee3c c\u1ea5u t\u1ea1o t\u1eeb gi\u1ea5y, v\u1eadt li\u1ec7u \u0111\u1eb7c bi\u1ec7t \u0111\u01b0\u1ee3c ph\u00e1t tri\u1ec3n ri\u00eang cho d\u1ef1 \u00e1n n\u00e0y. H\u1ec7 th\u1ed1ng crossover mang t\u00ean \u201cParacross Topology\u201d v\u1edbi t\u1ee5 \u201cClarifa Cap ESA\u201d \u2013 k\u1ebft qu\u1ea3 l\u00e0 ch\u1ea5t \u00e2m ng\u1ecdt h\u01a1n, \u0111\u01b0a ng\u01b0\u1eddi nghe tr\u1edf v\u1ec1 c\u00e1c m\u1eabu loa kinh \u0111i\u1ec3n thu\u1ed9c th\u1eadp ni\u00ean 90 c\u1ee7a Sonus Faber.<\/span><\/div>\n<div><a href=\"https:\/\/www.hifivietnam.vn\/wp-content\/uploads\/2019\/09\/a90efee6e344dfa68c9a0dcfa205b0c8_XL.jpg\"><span><img loading=\"lazy\" decoding=\"async\" class=\"alignnone size-full wp-image-2292\" src=\"https:\/\/www.nambinhad.com\/avshow\/wp-content\/uploads\/2025\/05\/a90efee6e344dfa68c9a0dcfa205b0c8_XL.jpg\" width=\"1120\" height=\"747\" alt=\"\" title=\"a90efee6e344dfa68c9a0dcfa205b0c8_XL\" srcset=\"https:\/\/www.nambinhad.com\/avshow\/wp-content\/uploads\/2025\/05\/a90efee6e344dfa68c9a0dcfa205b0c8_XL.jpg 1120w, https:\/\/www.nambinhad.com\/avshow\/wp-content\/uploads\/2025\/05\/a90efee6e344dfa68c9a0dcfa205b0c8_XL-600x400.jpg 600w, https:\/\/www.nambinhad.com\/avshow\/wp-content\/uploads\/2025\/05\/a90efee6e344dfa68c9a0dcfa205b0c8_XL-300x200.jpg 300w, https:\/\/www.nambinhad.com\/avshow\/wp-content\/uploads\/2025\/05\/a90efee6e344dfa68c9a0dcfa205b0c8_XL-1024x683.jpg 1024w, https:\/\/www.nambinhad.com\/avshow\/wp-content\/uploads\/2025\/05\/a90efee6e344dfa68c9a0dcfa205b0c8_XL-768x512.jpg 768w, https:\/\/www.nambinhad.com\/avshow\/wp-content\/uploads\/2025\/05\/a90efee6e344dfa68c9a0dcfa205b0c8_XL-360x240.jpg 360w\" sizes=\"auto, (max-width: 1120px) 100vw, 1120px\" \/><\/span><\/a><\/div>\n<div><span>Electa Amator lll s\u1ebd \u0111\u01b0\u1ee3c ph\u1ed1i gh\u00e9p chung v\u1edbi McIntosh 2152 v\u00e0 McIntosh C70 tr\u00ecnh di\u1ec5n t\u1ea1i AVSHOW c\u00e1c ng\u00e0y 28-29-30\/9 t\u1edbi \u0111\u00e2y.<\/span><\/div>\n<div><span><em>Ngu\u1ed3n: \u0110\u00f4ng Th\u00e0nh H\u00f2a Ph\u00fac<\/p>\n<p><\/em><\/span><a href=\"https:\/\/www.hifivietnam.vn\/tieu-diem\/avshow-2019-sonus-faber-electa-amator-iii-hanh-trinh-tro-lai-coi-nguon\/\"><span>https:\/\/www.hifivietnam.vn\/tieu-diem\/avshow-2019-sonus-faber-electa-amator-iii-hanh-trinh-tro-lai-coi-nguon\/<\/span><\/a><\/div>\n<\/div>\n","protected":false},"excerpt":{"rendered":"<p>N\u0103m 2018 l\u00e0 m\u1ed9t n\u0103m r\u1ea5t \u0111\u1eb7c bi\u1ec7t \u0111\u00e1nh d\u1ea5u k\u1ef7 ni\u1ec7m 35 n\u0103m h\u00ecnh th\u00e0nh c\u1ee7a Sonus Faber. Ch\u1eb7ng \u0111\u01b0\u1eddng h\u01a1n ba th\u1eadp k\u1ef7 l\u00e0 m\u1ed9t ch\u1eb7ng \u0111\u01b0\u1eddng kh\u00e1 d\u00e0i, v\u1edbi nhi\u1ec1u th\u00e0nh c\u00f4ng c\u0169ng nh\u01b0 th\u1eed th\u00e1ch, ni\u1ec1m vui v\u00e0 n\u1ed7i bu\u1ed3n \u0111\u1ed1i v\u1edbi \u0111\u1ea1i gia \u0111\u00ecnh Sonus [&hellip;]<\/p>\n","protected":false},"author":2,"featured_media":2289,"comment_status":"closed","ping_status":"open","sticky":false,"template":"","format":"standard","meta":{"_themeisle_gutenberg_block_has_review":false,"footnotes":""},"categories":[8],"tags":[],"class_list":["post-2288","post","type-post","status-publish","format-standard","has-post-thumbnail","hentry","category-tin-tuc"],"_links":{"self":[{"href":"https:\/\/www.nambinhad.com\/avshow\/wp-json\/wp\/v2\/posts\/2288","targetHints":{"allow":["GET"]}}],"collection":[{"href":"https:\/\/www.nambinhad.com\/avshow\/wp-json\/wp\/v2\/posts"}],"about":[{"href":"https:\/\/www.nambinhad.com\/avshow\/wp-json\/wp\/v2\/types\/post"}],"author":[{"embeddable":true,"href":"https:\/\/www.nambinhad.com\/avshow\/wp-json\/wp\/v2\/users\/2"}],"replies":[{"embeddable":true,"href":"https:\/\/www.nambinhad.com\/avshow\/wp-json\/wp\/v2\/comments?post=2288"}],"version-history":[{"count":1,"href":"https:\/\/www.nambinhad.com\/avshow\/wp-json\/wp\/v2\/posts\/2288\/revisions"}],"predecessor-version":[{"id":2293,"href":"https:\/\/www.nambinhad.com\/avshow\/wp-json\/wp\/v2\/posts\/2288\/revisions\/2293"}],"wp:featuredmedia":[{"embeddable":true,"href":"https:\/\/www.nambinhad.com\/avshow\/wp-json\/wp\/v2\/media\/2289"}],"wp:attachment":[{"href":"https:\/\/www.nambinhad.com\/avshow\/wp-json\/wp\/v2\/media?parent=2288"}],"wp:term":[{"taxonomy":"category","embeddable":true,"href":"https:\/\/www.nambinhad.com\/avshow\/wp-json\/wp\/v2\/categories?post=2288"},{"taxonomy":"post_tag","embeddable":true,"href":"https:\/\/www.nambinhad.com\/avshow\/wp-json\/wp\/v2\/tags?post=2288"}],"curies":[{"name":"wp","href":"https:\/\/api.w.org\/{rel}","templated":true}]}}